{"id":11231,"date":"2024-11-29T10:01:03","date_gmt":"2024-11-29T09:01:03","guid":{"rendered":"https:\/\/azkan.cat\/?p=11231"},"modified":"2024-12-04T19:41:24","modified_gmt":"2024-12-04T18:41:24","slug":"tavascan-historia-i-naturalesa-al-cor-dels-pirineus","status":"publish","type":"post","link":"https:\/\/azkan.cat\/es\/tavascan-historia-i-naturalesa-al-cor-dels-pirineus\/","title":{"rendered":"Tavascan: Hist\u00f2ria i naturalesa al cor dels Pirineus"},"content":{"rendered":"\t\t<div data-elementor-type=\"wp-post\" data-elementor-id=\"11231\" class=\"elementor elementor-11231 elementor-10156\">\n\t\t\t\t<div class=\"elementor-element elementor-element-1b66976 e-flex e-con-boxed e-con e-parent\" data-id=\"1b66976\" data-element_type=\"container\" data-e-type=\"container\">\n\t\t\t\t\t<div class=\"e-con-inner\">\n\t\t\t\t<div class=\"elementor-element elementor-element-dae758d elementor-widget elementor-widget-text-editor\" data-id=\"dae758d\" data-element_type=\"widget\" data-e-type=\"widget\" data-widget_type=\"text-editor.default\">\n\t\t\t\t<div class=\"elementor-widget-container\">\n\t\t\t\t\t\t\t\t\t<p><span style=\"font-weight: 400;\">Tavascan \u00e9s un petit poble situat al <\/span><b>Pallars Sobir\u00e0<\/b><span style=\"font-weight: 400;\">, al cor dels <\/span><b>Pirineus catalans<\/b><span style=\"font-weight: 400;\">, que combina una ubicaci\u00f3 privilegiada amb una hist\u00f2ria rica i fascinant. Aquest indret, envoltat de muntanyes i valls espectaculars, \u00e9s una destinaci\u00f3 ideal tant per als amants de la natura com per als que volen descobrir un patrimoni cultural aut\u00e8ntic.<\/span><\/p><h4><b>On \u00e9s Tavascan i qu\u00e8 el fa especial?<\/b><\/h4><p><span style=\"font-weight: 400;\">Tavascan es troba al final de la <\/span><b>Vall de Card\u00f3s<\/b><span style=\"font-weight: 400;\">, a 1.116 metres d\u2019altitud, dins del <\/span><b>Parc Natural de l\u2019Alt Pirineu<\/b><span style=\"font-weight: 400;\">. Aquest enclavament destaca per la seva proximitat a espais protegits, com el Llac de Certascan, i per ser un punt de partida clau per a excursions i travesses d\u2019alta muntanya. El riu Noguera de Card\u00f3s travessa el poble, aportant-li un encant singular.<\/span><\/p><p><span style=\"font-weight: 400;\">Aquesta localitzaci\u00f3 estrat\u00e8gica ha estat hist\u00f2ricament un pas natural entre les dues vessants dels Pirineus, fet que ha marcat la identitat i l\u2019evoluci\u00f3 del poble.<\/span><\/p><h4><b>Hist\u00f2ria i patrimoni de Tavascan<\/b><\/h4><p><span style=\"font-weight: 400;\">Els or\u00edgens de Tavascan es remunten a l\u2019edat mitjana, quan els primers habitants van establir-se en aquesta vall aprofitant els recursos naturals. L\u2019activitat econ\u00f2mica tradicional s\u2019ha basat en la <\/span><b>ramaderia<\/b><span style=\"font-weight: 400;\"> i l\u2019<\/span><b>agricultura<\/b><span style=\"font-weight: 400;\">, que encara avui formen part de l\u2019ess\u00e8ncia del poble.<\/span><\/p><p><span style=\"font-weight: 400;\">Durant el segle XX, l\u2019arribada de les infraestructures hidroel\u00e8ctriques va transformar Tavascan, amb la construcci\u00f3 de preses com la de Graus. Aquestes obres no nom\u00e9s van canviar l\u2019economia local, sin\u00f3 que tamb\u00e9 van millorar les comunicacions i van deixar un llegat d\u2019inter\u00e8s industrial i paisatg\u00edstic.<\/span><\/p><p><span style=\"font-weight: 400;\">Un altre element destacat \u00e9s l\u2019esgl\u00e9sia de <\/span><b>Sant Bartomeu de Tavascan<\/b><span style=\"font-weight: 400;\">, amb els seus detalls d\u2019arquitectura rom\u00e0nica, un punt de visita obligat per entendre el passat del poble.<\/span><\/p>\t\t\t\t\t\t\t\t<\/div>\n\t\t\t\t<\/div>\n\t\t\t\t<div class=\"elementor-element elementor-element-92193c7 elementor-widget elementor-widget-qi_addons_for_elementor_blockquote\" data-id=\"92193c7\" data-element_type=\"widget\" data-e-type=\"widget\" data-widget_type=\"qi_addons_for_elementor_blockquote.default\">\n\t\t\t\t<div class=\"elementor-widget-container\">\n\t\t\t\t\t<div class=\"qodef-shortcode qodef-m qodef-qi-blockquote qodef-layout--inline qodef--icon-pack\">\n\t\t\t<h4 class=\"qodef-m-text\">\n\t\t\t\t\t\t\t<span class=\"qodef-m-icon\">\n\t\t\t\t\t<svg aria-hidden=\"true\" class=\"e-font-icon-svg e-fas-quote-right\" viewBox=\"0 0 512 512\" xmlns=\"http:\/\/www.w3.org\/2000\/svg\"><path d=\"M464 32H336c-26.5 0-48 21.5-48 48v128c0 26.5 21.5 48 48 48h80v64c0 35.3-28.7 64-64 64h-8c-13.3 0-24 10.7-24 24v48c0 13.3 10.7 24 24 24h8c88.4 0 160-71.6 160-160V80c0-26.5-21.5-48-48-48zm-288 0H48C21.5 32 0 53.5 0 80v128c0 26.5 21.5 48 48 48h80v64c0 35.3-28.7 64-64 64h-8c-13.3 0-24 10.7-24 24v48c0 13.3 10.7 24 24 24h8c88.4 0 160-71.6 160-160V80c0-26.5-21.5-48-48-48z\"><\/path><\/svg>\t\t\t\t<\/span>\n\t\t\t\t\t\tla ramaderia i l\u2019agricultura, que encara avui formen part de l\u2019ess\u00e8ncia del poble.\t\t<\/h4>\n\t<\/div>\n\t\t\t\t<\/div>\n\t\t\t\t<\/div>\n\t\t<div class=\"elementor-element elementor-element-6aea102 e-con-full e-flex e-con e-child\" data-id=\"6aea102\" data-element_type=\"container\" data-e-type=\"container\">\n\t\t\t\t<div class=\"elementor-element elementor-element-2e63866 elementor-widget__width-inherit elementor-hidden-mobile elementor-widget elementor-widget-image\" data-id=\"2e63866\" data-element_type=\"widget\" data-e-type=\"widget\" data-widget_type=\"image.default\">\n\t\t\t\t<div class=\"elementor-widget-container\">\n\t\t\t\t\t\t\t\t\t\t\t\t\t\t\t<img fetchpriority=\"high\" decoding=\"async\" width=\"720\" height=\"399\" src=\"https:\/\/azkan.cat\/wp-content\/uploads\/2024\/11\/tavascan-horizontal-blog-02.jpg\" class=\"attachment-large size-large wp-image-10194\" alt=\"\" srcset=\"https:\/\/azkan.cat\/wp-content\/uploads\/2024\/11\/tavascan-horizontal-blog-02.jpg 720w, https:\/\/azkan.cat\/wp-content\/uploads\/2024\/11\/tavascan-horizontal-blog-02-300x166.jpg 300w\" sizes=\"(max-width: 720px) 100vw, 720px\" \/>\t\t\t\t\t\t\t\t\t\t\t\t\t\t\t<\/div>\n\t\t\t\t<\/div>\n\t\t\t\t<div class=\"elementor-element elementor-element-9bb84ac elementor-widget elementor-widget-text-editor\" data-id=\"9bb84ac\" data-element_type=\"widget\" data-e-type=\"widget\" data-widget_type=\"text-editor.default\">\n\t\t\t\t<div class=\"elementor-widget-container\">\n\t\t\t\t\t\t\t\t\t<p>Tavascan Picture 02<\/p>\t\t\t\t\t\t\t\t<\/div>\n\t\t\t\t<\/div>\n\t\t\t\t<\/div>\n\t\t<div class=\"elementor-element elementor-element-125d35f e-con-full e-grid elementor-hidden-mobile e-con e-child\" data-id=\"125d35f\" data-element_type=\"container\" data-e-type=\"container\">\n\t\t\t\t<div class=\"elementor-element elementor-element-7a653c5 elementor-widget__width-inherit elementor-widget elementor-widget-image\" data-id=\"7a653c5\" data-element_type=\"widget\" data-e-type=\"widget\" data-widget_type=\"image.default\">\n\t\t\t\t<div class=\"elementor-widget-container\">\n\t\t\t\t\t\t\t\t\t\t\t\t\t\t\t<img decoding=\"async\" width=\"400\" height=\"550\" src=\"https:\/\/azkan.cat\/wp-content\/uploads\/2024\/11\/azkan-vertical-3.jpg\" class=\"attachment-large size-large wp-image-10197\" alt=\"\" srcset=\"https:\/\/azkan.cat\/wp-content\/uploads\/2024\/11\/azkan-vertical-3.jpg 400w, https:\/\/azkan.cat\/wp-content\/uploads\/2024\/11\/azkan-vertical-3-218x300.jpg 218w\" sizes=\"(max-width: 400px) 100vw, 400px\" \/>\t\t\t\t\t\t\t\t\t\t\t\t\t\t\t<\/div>\n\t\t\t\t<\/div>\n\t\t\t\t<div class=\"elementor-element elementor-element-2a51908 elementor-widget__width-inherit elementor-widget elementor-widget-image\" data-id=\"2a51908\" data-element_type=\"widget\" data-e-type=\"widget\" data-widget_type=\"image.default\">\n\t\t\t\t<div class=\"elementor-widget-container\">\n\t\t\t\t\t\t\t\t\t\t\t\t\t\t\t<img decoding=\"async\" width=\"400\" height=\"550\" src=\"https:\/\/azkan.cat\/wp-content\/uploads\/2024\/11\/azkan-vertical-3.jpg\" class=\"attachment-large size-large wp-image-10197\" alt=\"\" srcset=\"https:\/\/azkan.cat\/wp-content\/uploads\/2024\/11\/azkan-vertical-3.jpg 400w, https:\/\/azkan.cat\/wp-content\/uploads\/2024\/11\/azkan-vertical-3-218x300.jpg 218w\" sizes=\"(max-width: 400px) 100vw, 400px\" \/>\t\t\t\t\t\t\t\t\t\t\t\t\t\t\t<\/div>\n\t\t\t\t<\/div>\n\t\t\t\t<\/div>\n\t\t<div class=\"elementor-element elementor-element-79bfe4f e-con-full e-grid elementor-hidden-mobile e-con e-child\" data-id=\"79bfe4f\" data-element_type=\"container\" data-e-type=\"container\">\n\t\t\t\t<div class=\"elementor-element elementor-element-be56a3a elementor-widget__width-inherit elementor-widget elementor-widget-image\" data-id=\"be56a3a\" data-element_type=\"widget\" data-e-type=\"widget\" data-widget_type=\"image.default\">\n\t\t\t\t<div class=\"elementor-widget-container\">\n\t\t\t\t\t\t\t\t\t\t\t\t\t\t\t<img decoding=\"async\" width=\"400\" height=\"550\" src=\"https:\/\/azkan.cat\/wp-content\/uploads\/2024\/11\/azkan-vertical-3.jpg\" class=\"attachment-large size-large wp-image-10197\" alt=\"\" srcset=\"https:\/\/azkan.cat\/wp-content\/uploads\/2024\/11\/azkan-vertical-3.jpg 400w, https:\/\/azkan.cat\/wp-content\/uploads\/2024\/11\/azkan-vertical-3-218x300.jpg 218w\" sizes=\"(max-width: 400px) 100vw, 400px\" \/>\t\t\t\t\t\t\t\t\t\t\t\t\t\t\t<\/div>\n\t\t\t\t<\/div>\n\t\t\t\t<div class=\"elementor-element elementor-element-8b47809 elementor-widget__width-inherit elementor-widget elementor-widget-image\" data-id=\"8b47809\" data-element_type=\"widget\" data-e-type=\"widget\" data-widget_type=\"image.default\">\n\t\t\t\t<div class=\"elementor-widget-container\">\n\t\t\t\t\t\t\t\t\t\t\t\t\t\t\t<img decoding=\"async\" width=\"400\" height=\"550\" src=\"https:\/\/azkan.cat\/wp-content\/uploads\/2024\/11\/azkan-vertical-3.jpg\" class=\"attachment-large size-large wp-image-10197\" alt=\"\" srcset=\"https:\/\/azkan.cat\/wp-content\/uploads\/2024\/11\/azkan-vertical-3.jpg 400w, https:\/\/azkan.cat\/wp-content\/uploads\/2024\/11\/azkan-vertical-3-218x300.jpg 218w\" sizes=\"(max-width: 400px) 100vw, 400px\" \/>\t\t\t\t\t\t\t\t\t\t\t\t\t\t\t<\/div>\n\t\t\t\t<\/div>\n\t\t\t\t<div class=\"elementor-element elementor-element-af07425 elementor-widget__width-inherit elementor-widget elementor-widget-image\" data-id=\"af07425\" data-element_type=\"widget\" data-e-type=\"widget\" data-widget_type=\"image.default\">\n\t\t\t\t<div class=\"elementor-widget-container\">\n\t\t\t\t\t\t\t\t\t\t\t\t\t\t\t<img decoding=\"async\" width=\"400\" height=\"550\" src=\"https:\/\/azkan.cat\/wp-content\/uploads\/2024\/11\/azkan-vertical-3.jpg\" class=\"attachment-large size-large wp-image-10197\" alt=\"\" srcset=\"https:\/\/azkan.cat\/wp-content\/uploads\/2024\/11\/azkan-vertical-3.jpg 400w, https:\/\/azkan.cat\/wp-content\/uploads\/2024\/11\/azkan-vertical-3-218x300.jpg 218w\" sizes=\"(max-width: 400px) 100vw, 400px\" \/>\t\t\t\t\t\t\t\t\t\t\t\t\t\t\t<\/div>\n\t\t\t\t<\/div>\n\t\t\t\t<\/div>\n\t\t<div class=\"elementor-element elementor-element-ae92631 e-con-full e-grid e-con e-child\" data-id=\"ae92631\" data-element_type=\"container\" data-e-type=\"container\">\n\t\t\t\t<div class=\"elementor-element elementor-element-3735f66 elementor-widget__width-inherit elementor-hidden-mobile elementor-widget elementor-widget-image\" data-id=\"3735f66\" data-element_type=\"widget\" data-e-type=\"widget\" data-widget_type=\"image.default\">\n\t\t\t\t<div class=\"elementor-widget-container\">\n\t\t\t\t\t\t\t\t\t\t\t\t\t\t\t<img decoding=\"async\" width=\"400\" height=\"550\" src=\"https:\/\/azkan.cat\/wp-content\/uploads\/2024\/11\/azkan-vertical-3.jpg\" class=\"attachment-large size-large wp-image-10197\" alt=\"\" srcset=\"https:\/\/azkan.cat\/wp-content\/uploads\/2024\/11\/azkan-vertical-3.jpg 400w, https:\/\/azkan.cat\/wp-content\/uploads\/2024\/11\/azkan-vertical-3-218x300.jpg 218w\" sizes=\"(max-width: 400px) 100vw, 400px\" \/>\t\t\t\t\t\t\t\t\t\t\t\t\t\t\t<\/div>\n\t\t\t\t<\/div>\n\t\t\t\t<div class=\"elementor-element elementor-element-08862e4 elementor-widget elementor-widget-text-editor\" data-id=\"08862e4\" data-element_type=\"widget\" data-e-type=\"widget\" data-widget_type=\"text-editor.default\">\n\t\t\t\t<div class=\"elementor-widget-container\">\n\t\t\t\t\t\t\t\t\t<h4><b>Un futur sostenible envoltat de natura<\/b><\/h4><p><span style=\"font-weight: 400;\">Avui, Tavascan aposta pel turisme sostenible i l\u2019ecoturisme. Les activitats a la natura, com el senderisme, les rutes en raquetes de neu i les excursions de muntanya, s\u00f3n les protagonistes. Gr\u00e0cies a la seva ubicaci\u00f3 dins del Parc Natural, \u00e9s un punt clau per con\u00e8ixer la biodiversitat i els paisatges \u00fanics dels <\/span><b>Pirineus catalans<\/b><span style=\"font-weight: 400;\">.<\/span><\/p><p>\u00a0<\/p><h4><b>Descobreix Tavascan i el seu entorn \u00fanic<\/b><\/h4><p><span style=\"font-weight: 400;\">Visitar Tavascan \u00e9s viatjar al passat i submergir-se en un entorn natural espectacular. Aquest petit poble del <\/span><b>Pallars Sobir\u00e0<\/b><span style=\"font-weight: 400;\"> \u00e9s perfecte per a qui busca pau, aventura i autenticitat. Explora Tavascan i deixa\u2019t captivar per la seva hist\u00f2ria i bellesa!<\/span><\/p>\t\t\t\t\t\t\t\t<\/div>\n\t\t\t\t<\/div>\n\t\t\t\t<\/div>\n\t\t<div class=\"elementor-element elementor-element-7c489f3 e-con-full elementor-hidden-desktop elementor-hidden-tablet_extra elementor-hidden-tablet e-flex e-con e-child\" data-id=\"7c489f3\" data-element_type=\"container\" data-e-type=\"container\">\n\t\t\t\t<div class=\"elementor-element elementor-element-32d5ea5 elementor-widget elementor-widget-qi_addons_for_elementor_image_slider\" data-id=\"32d5ea5\" data-element_type=\"widget\" data-e-type=\"widget\" data-widget_type=\"qi_addons_for_elementor_image_slider.default\">\n\t\t\t\t<div class=\"elementor-widget-container\">\n\t\t\t\t\t<div class=\"qodef-shortcode qodef-m qodef-qi-image-slider qodef-qi-fslightbox-popup qodef-popup-gallery qodef-col-num--3 qodef-qi-grid qodef-qi-swiper-container\" data-options=\"{&quot;direction&quot;:&quot;horizontal&quot;,&quot;slidesPerView&quot;:&quot;3&quot;,&quot;spaceBetween&quot;:30,&quot;spaceBetweenTablet&quot;:30,&quot;spaceBetweenMobile&quot;:30,&quot;effect&quot;:&quot;&quot;,&quot;loop&quot;:true,&quot;autoplay&quot;:true,&quot;centeredSlides&quot;:false,&quot;speed&quot;:&quot;&quot;,&quot;speedAnimation&quot;:&quot;&quot;,&quot;outsideNavigation&quot;:&quot;no&quot;,&quot;outsidePagination&quot;:&quot;no&quot;,&quot;unique&quot;:773,&quot;partialValue&quot;:0,&quot;disablePartialValue&quot;:&quot;&quot;,&quot;parallax&quot;:&quot;no&quot;}\">\n\t<div class=\"swiper-wrapper\">\n\t\t<div class=\"qodef-e swiper-slide\">\n\t<div class=\"qodef-e-inner\">\n\t\t<div class=\"qodef-e-inner-holder\">\n\t\t\t\t\t\t\t<a class=\"qodef-popup-item\" itemprop=\"image\" href=\"https:\/\/azkan.cat\/wp-content\/uploads\/2024\/11\/azkan-vertical-3.jpg\" data-type=\"image\" data-fslightbox=\"gallery-773\" data-e-disable-page-transition=\u201dtrue\u201d>\n\t\t\t\t\t\t\t<img decoding=\"async\" width=\"400\" height=\"550\" src=\"https:\/\/azkan.cat\/wp-content\/uploads\/2024\/11\/azkan-vertical-3.jpg\" class=\"attachment-full size-full\" alt=\"\" srcset=\"https:\/\/azkan.cat\/wp-content\/uploads\/2024\/11\/azkan-vertical-3.jpg 400w, https:\/\/azkan.cat\/wp-content\/uploads\/2024\/11\/azkan-vertical-3-218x300.jpg 218w\" sizes=\"(max-width: 400px) 100vw, 400px\" \/>\t\t\t\t\t\t\t<\/a>\n\t\t\t\t\t<\/div>\n\t<\/div>\n\t<\/div>\n<div class=\"qodef-e swiper-slide\">\n\t<div class=\"qodef-e-inner\">\n\t\t<div class=\"qodef-e-inner-holder\">\n\t\t\t\t\t\t\t<a class=\"qodef-popup-item\" itemprop=\"image\" href=\"https:\/\/azkan.cat\/wp-content\/uploads\/2024\/04\/azkan-campus-vertical.jpg\" data-type=\"image\" data-fslightbox=\"gallery-773\" data-e-disable-page-transition=\u201dtrue\u201d>\n\t\t\t\t\t\t\t<img loading=\"lazy\" decoding=\"async\" width=\"1200\" height=\"1500\" src=\"https:\/\/azkan.cat\/wp-content\/uploads\/2024\/04\/azkan-campus-vertical.jpg\" class=\"attachment-full size-full\" alt=\"\" srcset=\"https:\/\/azkan.cat\/wp-content\/uploads\/2024\/04\/azkan-campus-vertical.jpg 1200w, https:\/\/azkan.cat\/wp-content\/uploads\/2024\/04\/azkan-campus-vertical-240x300.jpg 240w, https:\/\/azkan.cat\/wp-content\/uploads\/2024\/04\/azkan-campus-vertical-819x1024.jpg 819w, https:\/\/azkan.cat\/wp-content\/uploads\/2024\/04\/azkan-campus-vertical-768x960.jpg 768w\" sizes=\"(max-width: 1200px) 100vw, 1200px\" \/>\t\t\t\t\t\t\t<\/a>\n\t\t\t\t\t<\/div>\n\t<\/div>\n\t<\/div>\n\t<\/div>\n\t<\/div>\n\t\t\t\t<\/div>\n\t\t\t\t<\/div>\n\t\t\t\t<\/div>\n\t\t\t\t<div class=\"elementor-element elementor-element-53dee9e elementor-widget elementor-widget-text-editor\" data-id=\"53dee9e\" data-element_type=\"widget\" data-e-type=\"widget\" data-widget_type=\"text-editor.default\">\n\t\t\t\t<div class=\"elementor-widget-container\">\n\t\t\t\t\t\t\t\t\t<h4><b>Un futur sostenible envoltat de natura<\/b><\/h4><p><span style=\"font-weight: 400;\">Avui, Tavascan aposta pel turisme sostenible i l\u2019ecoturisme. Les activitats a la natura, com el senderisme, les rutes en raquetes de neu i les excursions de muntanya, s\u00f3n les protagonistes. Gr\u00e0cies a la seva ubicaci\u00f3 dins del Parc Natural, \u00e9s un punt clau per con\u00e8ixer la biodiversitat i els paisatges \u00fanics dels <\/span><b>Pirineus catalans<\/b><span style=\"font-weight: 400;\">.<\/span><\/p><h4><b>Descobreix Tavascan i el seu entorn \u00fanic<\/b><\/h4><p><span style=\"font-weight: 400;\">Visitar Tavascan \u00e9s viatjar al passat i submergir-se en un entorn natural espectacular. Aquest petit poble del <\/span><b>Pallars Sobir\u00e0<\/b><span style=\"font-weight: 400;\"> \u00e9s perfecte per a qui busca pau, aventura i autenticitat. Explora Tavascan i deixa\u2019t captivar per la seva hist\u00f2ria i bellesa!<\/span><\/p>\t\t\t\t\t\t\t\t<\/div>\n\t\t\t\t<\/div>\n\t\t\t\t\t<\/div>\n\t\t\t\t<\/div>\n\t\t\t\t<\/div>\n\t\t","protected":false},"excerpt":{"rendered":"<p>Tavascan \u00e9s un petit poble situat al Pallars Sobir\u00e0, al cor dels Pirineus catalans, que combina una ubicaci\u00f3 privilegiada amb una hist\u00f2ria rica i fascinant. Aquest indret, envoltat de muntanyes i valls espectaculars, \u00e9s una destinaci\u00f3 ideal tant per als amants de la natura com per als que volen descobrir un patrimoni cultural aut\u00e8ntic. On [&hellip;]<\/p>\n","protected":false},"author":1,"featured_media":10213,"comment_status":"closed","ping_status":"open","sticky":false,"template":"","format":"gallery","meta":{"_acf_changed":false,"footnotes":""},"categories":[1],"tags":[],"class_list":["post-11231","post","type-post","status-publish","format-gallery","has-post-thumbnail","hentry","category-sin-categorizar","post_format-post-format-gallery"],"acf":[],"yoast_head":"<!-- This site is optimized with the Yoast SEO plugin v27.4 - https:\/\/yoast.com\/product\/yoast-seo-wordpress\/ -->\n<title>Tavascan: Hist\u00f2ria i naturalesa al cor dels Pirineus - azkan<\/title>\n<meta name=\"robots\" content=\"index, follow, max-snippet:-1, max-image-preview:large, max-video-preview:-1\" \/>\n<link rel=\"canonical\" href=\"https:\/\/azkan.cat\/es\/tavascan-historia-i-naturalesa-al-cor-dels-pirineus\/\" \/>\n<meta property=\"og:locale\" content=\"es_ES\" \/>\n<meta property=\"og:type\" content=\"article\" \/>\n<meta property=\"og:title\" content=\"Tavascan: Hist\u00f2ria i naturalesa al cor dels Pirineus - azkan\" \/>\n<meta property=\"og:description\" content=\"Tavascan \u00e9s un petit poble situat al Pallars Sobir\u00e0, al cor dels Pirineus catalans, que combina una ubicaci\u00f3 privilegiada amb una hist\u00f2ria rica i fascinant. Aquest indret, envoltat de muntanyes i valls espectaculars, \u00e9s una destinaci\u00f3 ideal tant per als amants de la natura com per als que volen descobrir un patrimoni cultural aut\u00e8ntic. On [&hellip;]\" \/>\n<meta property=\"og:url\" content=\"https:\/\/azkan.cat\/es\/tavascan-historia-i-naturalesa-al-cor-dels-pirineus\/\" \/>\n<meta property=\"og:site_name\" content=\"azkan\" \/>\n<meta property=\"article:published_time\" content=\"2024-11-29T09:01:03+00:00\" \/>\n<meta property=\"article:modified_time\" content=\"2024-12-04T18:41:24+00:00\" \/>\n<meta property=\"og:image\" content=\"https:\/\/azkan.cat\/wp-content\/uploads\/2024\/11\/tavascan-blog-cover.jpg\" \/>\n\t<meta property=\"og:image:width\" content=\"900\" \/>\n\t<meta property=\"og:image:height\" content=\"500\" \/>\n\t<meta property=\"og:image:type\" content=\"image\/jpeg\" \/>\n<meta name=\"author\" content=\"Ignasi Feltrer\" \/>\n<meta name=\"twitter:card\" content=\"summary_large_image\" \/>\n<meta name=\"twitter:label1\" content=\"Escrito por\" \/>\n\t<meta name=\"twitter:data1\" content=\"Ignasi Feltrer\" \/>\n\t<meta name=\"twitter:label2\" content=\"Tiempo de lectura\" \/>\n\t<meta name=\"twitter:data2\" content=\"3 minutos\" \/>\n<script type=\"application\/ld+json\" class=\"yoast-schema-graph\">{\"@context\":\"https:\\\/\\\/schema.org\",\"@graph\":[{\"@type\":\"Article\",\"@id\":\"https:\\\/\\\/azkan.cat\\\/es\\\/tavascan-historia-i-naturalesa-al-cor-dels-pirineus\\\/#article\",\"isPartOf\":{\"@id\":\"https:\\\/\\\/azkan.cat\\\/es\\\/tavascan-historia-i-naturalesa-al-cor-dels-pirineus\\\/\"},\"author\":{\"name\":\"Ignasi Feltrer\",\"@id\":\"https:\\\/\\\/azkan.cat\\\/es\\\/#\\\/schema\\\/person\\\/b8e4c5af7a558540b4b55aa5393ace21\"},\"headline\":\"Tavascan: Hist\u00f2ria i naturalesa al cor dels Pirineus\",\"datePublished\":\"2024-11-29T09:01:03+00:00\",\"dateModified\":\"2024-12-04T18:41:24+00:00\",\"mainEntityOfPage\":{\"@id\":\"https:\\\/\\\/azkan.cat\\\/es\\\/tavascan-historia-i-naturalesa-al-cor-dels-pirineus\\\/\"},\"wordCount\":552,\"publisher\":{\"@id\":\"https:\\\/\\\/azkan.cat\\\/es\\\/#organization\"},\"image\":{\"@id\":\"https:\\\/\\\/azkan.cat\\\/es\\\/tavascan-historia-i-naturalesa-al-cor-dels-pirineus\\\/#primaryimage\"},\"thumbnailUrl\":\"https:\\\/\\\/azkan.cat\\\/wp-content\\\/uploads\\\/2024\\\/11\\\/tavascan-blog-cover.jpg\",\"articleSection\":[\"Sin categorizar\"],\"inLanguage\":\"es\"},{\"@type\":\"WebPage\",\"@id\":\"https:\\\/\\\/azkan.cat\\\/es\\\/tavascan-historia-i-naturalesa-al-cor-dels-pirineus\\\/\",\"url\":\"https:\\\/\\\/azkan.cat\\\/es\\\/tavascan-historia-i-naturalesa-al-cor-dels-pirineus\\\/\",\"name\":\"Tavascan: Hist\u00f2ria i naturalesa al cor dels Pirineus - azkan\",\"isPartOf\":{\"@id\":\"https:\\\/\\\/azkan.cat\\\/es\\\/#website\"},\"primaryImageOfPage\":{\"@id\":\"https:\\\/\\\/azkan.cat\\\/es\\\/tavascan-historia-i-naturalesa-al-cor-dels-pirineus\\\/#primaryimage\"},\"image\":{\"@id\":\"https:\\\/\\\/azkan.cat\\\/es\\\/tavascan-historia-i-naturalesa-al-cor-dels-pirineus\\\/#primaryimage\"},\"thumbnailUrl\":\"https:\\\/\\\/azkan.cat\\\/wp-content\\\/uploads\\\/2024\\\/11\\\/tavascan-blog-cover.jpg\",\"datePublished\":\"2024-11-29T09:01:03+00:00\",\"dateModified\":\"2024-12-04T18:41:24+00:00\",\"breadcrumb\":{\"@id\":\"https:\\\/\\\/azkan.cat\\\/es\\\/tavascan-historia-i-naturalesa-al-cor-dels-pirineus\\\/#breadcrumb\"},\"inLanguage\":\"es\",\"potentialAction\":[{\"@type\":\"ReadAction\",\"target\":[\"https:\\\/\\\/azkan.cat\\\/es\\\/tavascan-historia-i-naturalesa-al-cor-dels-pirineus\\\/\"]}]},{\"@type\":\"ImageObject\",\"inLanguage\":\"es\",\"@id\":\"https:\\\/\\\/azkan.cat\\\/es\\\/tavascan-historia-i-naturalesa-al-cor-dels-pirineus\\\/#primaryimage\",\"url\":\"https:\\\/\\\/azkan.cat\\\/wp-content\\\/uploads\\\/2024\\\/11\\\/tavascan-blog-cover.jpg\",\"contentUrl\":\"https:\\\/\\\/azkan.cat\\\/wp-content\\\/uploads\\\/2024\\\/11\\\/tavascan-blog-cover.jpg\",\"width\":900,\"height\":500},{\"@type\":\"BreadcrumbList\",\"@id\":\"https:\\\/\\\/azkan.cat\\\/es\\\/tavascan-historia-i-naturalesa-al-cor-dels-pirineus\\\/#breadcrumb\",\"itemListElement\":[{\"@type\":\"ListItem\",\"position\":1,\"name\":\"Inici\",\"item\":\"https:\\\/\\\/azkan.cat\\\/es\\\/\"},{\"@type\":\"ListItem\",\"position\":2,\"name\":\"Tavascan: Hist\u00f2ria i naturalesa al cor dels Pirineus\"}]},{\"@type\":\"WebSite\",\"@id\":\"https:\\\/\\\/azkan.cat\\\/es\\\/#website\",\"url\":\"https:\\\/\\\/azkan.cat\\\/es\\\/\",\"name\":\"azkan\",\"description\":\"Mountain Academy\",\"publisher\":{\"@id\":\"https:\\\/\\\/azkan.cat\\\/es\\\/#organization\"},\"potentialAction\":[{\"@type\":\"SearchAction\",\"target\":{\"@type\":\"EntryPoint\",\"urlTemplate\":\"https:\\\/\\\/azkan.cat\\\/es\\\/?s={search_term_string}\"},\"query-input\":{\"@type\":\"PropertyValueSpecification\",\"valueRequired\":true,\"valueName\":\"search_term_string\"}}],\"inLanguage\":\"es\"},{\"@type\":\"Organization\",\"@id\":\"https:\\\/\\\/azkan.cat\\\/es\\\/#organization\",\"name\":\"azkan\",\"url\":\"https:\\\/\\\/azkan.cat\\\/es\\\/\",\"logo\":{\"@type\":\"ImageObject\",\"inLanguage\":\"es\",\"@id\":\"https:\\\/\\\/azkan.cat\\\/es\\\/#\\\/schema\\\/logo\\\/image\\\/\",\"url\":\"https:\\\/\\\/azkan.cat\\\/wp-content\\\/uploads\\\/2024\\\/12\\\/cropped-logo-azkan-web-black_b.png\",\"contentUrl\":\"https:\\\/\\\/azkan.cat\\\/wp-content\\\/uploads\\\/2024\\\/12\\\/cropped-logo-azkan-web-black_b.png\",\"width\":192,\"height\":56,\"caption\":\"azkan\"},\"image\":{\"@id\":\"https:\\\/\\\/azkan.cat\\\/es\\\/#\\\/schema\\\/logo\\\/image\\\/\"}},{\"@type\":\"Person\",\"@id\":\"https:\\\/\\\/azkan.cat\\\/es\\\/#\\\/schema\\\/person\\\/b8e4c5af7a558540b4b55aa5393ace21\",\"name\":\"Ignasi Feltrer\",\"image\":{\"@type\":\"ImageObject\",\"inLanguage\":\"es\",\"@id\":\"https:\\\/\\\/azkan.cat\\\/wp-content\\\/uploads\\\/2024\\\/12\\\/cropped-IMG_1785-scaled-1-96x96.jpeg\",\"url\":\"https:\\\/\\\/azkan.cat\\\/wp-content\\\/uploads\\\/2024\\\/12\\\/cropped-IMG_1785-scaled-1-96x96.jpeg\",\"contentUrl\":\"https:\\\/\\\/azkan.cat\\\/wp-content\\\/uploads\\\/2024\\\/12\\\/cropped-IMG_1785-scaled-1-96x96.jpeg\",\"caption\":\"Ignasi Feltrer\"},\"sameAs\":[\"http:\\\/\\\/azkan.cat\"],\"url\":\"https:\\\/\\\/azkan.cat\\\/es\\\/author\\\/azkan-cat\\\/\"}]}<\/script>\n<!-- \/ Yoast SEO plugin. -->","yoast_head_json":{"title":"Tavascan: Hist\u00f2ria i naturalesa al cor dels Pirineus - azkan","robots":{"index":"index","follow":"follow","max-snippet":"max-snippet:-1","max-image-preview":"max-image-preview:large","max-video-preview":"max-video-preview:-1"},"canonical":"https:\/\/azkan.cat\/es\/tavascan-historia-i-naturalesa-al-cor-dels-pirineus\/","og_locale":"es_ES","og_type":"article","og_title":"Tavascan: Hist\u00f2ria i naturalesa al cor dels Pirineus - azkan","og_description":"Tavascan \u00e9s un petit poble situat al Pallars Sobir\u00e0, al cor dels Pirineus catalans, que combina una ubicaci\u00f3 privilegiada amb una hist\u00f2ria rica i fascinant. Aquest indret, envoltat de muntanyes i valls espectaculars, \u00e9s una destinaci\u00f3 ideal tant per als amants de la natura com per als que volen descobrir un patrimoni cultural aut\u00e8ntic. On [&hellip;]","og_url":"https:\/\/azkan.cat\/es\/tavascan-historia-i-naturalesa-al-cor-dels-pirineus\/","og_site_name":"azkan","article_published_time":"2024-11-29T09:01:03+00:00","article_modified_time":"2024-12-04T18:41:24+00:00","og_image":[{"width":900,"height":500,"url":"https:\/\/azkan.cat\/wp-content\/uploads\/2024\/11\/tavascan-blog-cover.jpg","type":"image\/jpeg"}],"author":"Ignasi Feltrer","twitter_card":"summary_large_image","twitter_misc":{"Escrito por":"Ignasi Feltrer","Tiempo de lectura":"3 minutos"},"schema":{"@context":"https:\/\/schema.org","@graph":[{"@type":"Article","@id":"https:\/\/azkan.cat\/es\/tavascan-historia-i-naturalesa-al-cor-dels-pirineus\/#article","isPartOf":{"@id":"https:\/\/azkan.cat\/es\/tavascan-historia-i-naturalesa-al-cor-dels-pirineus\/"},"author":{"name":"Ignasi Feltrer","@id":"https:\/\/azkan.cat\/es\/#\/schema\/person\/b8e4c5af7a558540b4b55aa5393ace21"},"headline":"Tavascan: Hist\u00f2ria i naturalesa al cor dels Pirineus","datePublished":"2024-11-29T09:01:03+00:00","dateModified":"2024-12-04T18:41:24+00:00","mainEntityOfPage":{"@id":"https:\/\/azkan.cat\/es\/tavascan-historia-i-naturalesa-al-cor-dels-pirineus\/"},"wordCount":552,"publisher":{"@id":"https:\/\/azkan.cat\/es\/#organization"},"image":{"@id":"https:\/\/azkan.cat\/es\/tavascan-historia-i-naturalesa-al-cor-dels-pirineus\/#primaryimage"},"thumbnailUrl":"https:\/\/azkan.cat\/wp-content\/uploads\/2024\/11\/tavascan-blog-cover.jpg","articleSection":["Sin categorizar"],"inLanguage":"es"},{"@type":"WebPage","@id":"https:\/\/azkan.cat\/es\/tavascan-historia-i-naturalesa-al-cor-dels-pirineus\/","url":"https:\/\/azkan.cat\/es\/tavascan-historia-i-naturalesa-al-cor-dels-pirineus\/","name":"Tavascan: Hist\u00f2ria i naturalesa al cor dels Pirineus - azkan","isPartOf":{"@id":"https:\/\/azkan.cat\/es\/#website"},"primaryImageOfPage":{"@id":"https:\/\/azkan.cat\/es\/tavascan-historia-i-naturalesa-al-cor-dels-pirineus\/#primaryimage"},"image":{"@id":"https:\/\/azkan.cat\/es\/tavascan-historia-i-naturalesa-al-cor-dels-pirineus\/#primaryimage"},"thumbnailUrl":"https:\/\/azkan.cat\/wp-content\/uploads\/2024\/11\/tavascan-blog-cover.jpg","datePublished":"2024-11-29T09:01:03+00:00","dateModified":"2024-12-04T18:41:24+00:00","breadcrumb":{"@id":"https:\/\/azkan.cat\/es\/tavascan-historia-i-naturalesa-al-cor-dels-pirineus\/#breadcrumb"},"inLanguage":"es","potentialAction":[{"@type":"ReadAction","target":["https:\/\/azkan.cat\/es\/tavascan-historia-i-naturalesa-al-cor-dels-pirineus\/"]}]},{"@type":"ImageObject","inLanguage":"es","@id":"https:\/\/azkan.cat\/es\/tavascan-historia-i-naturalesa-al-cor-dels-pirineus\/#primaryimage","url":"https:\/\/azkan.cat\/wp-content\/uploads\/2024\/11\/tavascan-blog-cover.jpg","contentUrl":"https:\/\/azkan.cat\/wp-content\/uploads\/2024\/11\/tavascan-blog-cover.jpg","width":900,"height":500},{"@type":"BreadcrumbList","@id":"https:\/\/azkan.cat\/es\/tavascan-historia-i-naturalesa-al-cor-dels-pirineus\/#breadcrumb","itemListElement":[{"@type":"ListItem","position":1,"name":"Inici","item":"https:\/\/azkan.cat\/es\/"},{"@type":"ListItem","position":2,"name":"Tavascan: Hist\u00f2ria i naturalesa al cor dels Pirineus"}]},{"@type":"WebSite","@id":"https:\/\/azkan.cat\/es\/#website","url":"https:\/\/azkan.cat\/es\/","name":"azkan","description":"Mountain Academy","publisher":{"@id":"https:\/\/azkan.cat\/es\/#organization"},"potentialAction":[{"@type":"SearchAction","target":{"@type":"EntryPoint","urlTemplate":"https:\/\/azkan.cat\/es\/?s={search_term_string}"},"query-input":{"@type":"PropertyValueSpecification","valueRequired":true,"valueName":"search_term_string"}}],"inLanguage":"es"},{"@type":"Organization","@id":"https:\/\/azkan.cat\/es\/#organization","name":"azkan","url":"https:\/\/azkan.cat\/es\/","logo":{"@type":"ImageObject","inLanguage":"es","@id":"https:\/\/azkan.cat\/es\/#\/schema\/logo\/image\/","url":"https:\/\/azkan.cat\/wp-content\/uploads\/2024\/12\/cropped-logo-azkan-web-black_b.png","contentUrl":"https:\/\/azkan.cat\/wp-content\/uploads\/2024\/12\/cropped-logo-azkan-web-black_b.png","width":192,"height":56,"caption":"azkan"},"image":{"@id":"https:\/\/azkan.cat\/es\/#\/schema\/logo\/image\/"}},{"@type":"Person","@id":"https:\/\/azkan.cat\/es\/#\/schema\/person\/b8e4c5af7a558540b4b55aa5393ace21","name":"Ignasi Feltrer","image":{"@type":"ImageObject","inLanguage":"es","@id":"https:\/\/azkan.cat\/wp-content\/uploads\/2024\/12\/cropped-IMG_1785-scaled-1-96x96.jpeg","url":"https:\/\/azkan.cat\/wp-content\/uploads\/2024\/12\/cropped-IMG_1785-scaled-1-96x96.jpeg","contentUrl":"https:\/\/azkan.cat\/wp-content\/uploads\/2024\/12\/cropped-IMG_1785-scaled-1-96x96.jpeg","caption":"Ignasi Feltrer"},"sameAs":["http:\/\/azkan.cat"],"url":"https:\/\/azkan.cat\/es\/author\/azkan-cat\/"}]}},"_links":{"self":[{"href":"https:\/\/azkan.cat\/es\/wp-json\/wp\/v2\/posts\/11231","targetHints":{"allow":["GET"]}}],"collection":[{"href":"https:\/\/azkan.cat\/es\/wp-json\/wp\/v2\/posts"}],"about":[{"href":"https:\/\/azkan.cat\/es\/wp-json\/wp\/v2\/types\/post"}],"author":[{"embeddable":true,"href":"https:\/\/azkan.cat\/es\/wp-json\/wp\/v2\/users\/1"}],"replies":[{"embeddable":true,"href":"https:\/\/azkan.cat\/es\/wp-json\/wp\/v2\/comments?post=11231"}],"version-history":[{"count":1,"href":"https:\/\/azkan.cat\/es\/wp-json\/wp\/v2\/posts\/11231\/revisions"}],"predecessor-version":[{"id":11232,"href":"https:\/\/azkan.cat\/es\/wp-json\/wp\/v2\/posts\/11231\/revisions\/11232"}],"wp:featuredmedia":[{"embeddable":true,"href":"https:\/\/azkan.cat\/es\/wp-json\/wp\/v2\/media\/10213"}],"wp:attachment":[{"href":"https:\/\/azkan.cat\/es\/wp-json\/wp\/v2\/media?parent=11231"}],"wp:term":[{"taxonomy":"category","embeddable":true,"href":"https:\/\/azkan.cat\/es\/wp-json\/wp\/v2\/categories?post=11231"},{"taxonomy":"post_tag","embeddable":true,"href":"https:\/\/azkan.cat\/es\/wp-json\/wp\/v2\/tags?post=11231"}],"curies":[{"name":"wp","href":"https:\/\/api.w.org\/{rel}","templated":true}]}}